{"id":108,"date":"2022-04-17T23:49:58","date_gmt":"2022-04-17T23:49:58","guid":{"rendered":"https:\/\/hojarasca-danza.com\/2023\/03\/29\/poeticas-de-creacion-en-danza-en-el-festival-abril-en-danza-de-alicante\/"},"modified":"2023-04-05T17:33:22","modified_gmt":"2023-04-05T17:33:22","slug":"poeticas-de-creacion-en-danza-en-el-festival-abril-en-danza-de-alicante","status":"publish","type":"post","link":"https:\/\/hojarasca-danza.com\/en\/destacado\/poeticas-de-creacion-en-danza-en-el-festival-abril-en-danza-de-alicante\/","title":{"rendered":"POETICS OF CREATION IN DANCE at the Abril en Danza Festival in Alicante"},"content":{"rendered":"<p><img fetchpriority=\"high\" decoding=\"async\" class=\"alignleft wp-image-19060 size-medium\" src=\"https:\/\/hojarasca-danza.es\/wp-content\/uploads\/2022\/04\/275349696_5001944299862034_4446939102859851226_n-353x450.jpg\" alt=\"\" width=\"353\" height=\"450\">The Academy of Performing Arts of Spain will present at the <a href=\"https:\/\/www.abrilendanza.es\" target=\"_blank\" rel=\"noopener\">April in Dance Festival<\/a> Alicante next Wednesday April 20 at 6pm at the Casa Mediterr\u00e1neo (Pl. de l&#039;Arquitecto Miguel L\u00f3pez, s\/n. Alicante) the book <strong><a href=\"https:\/\/academiadelasartesescenicas.es\/revista\/50\/publicacion-y-presentacion-de-quotpoeticas-de-creacion-en-danzaquot\/\" target=\"_blank\" rel=\"noopener\">POETICS OF CREATION IN DANCE<\/a><\/strong>. Alicia Soto, as Delegate of the dance specialty at the AAEE and responsible for the development of the book, will be in charge of the event.<\/p>\n<p><strong>POETICS OF CREATION IN DANCE<\/strong> has the participation of fifty-three choreographers who reveal their most intimate reflections when setting up a creation: The tools at their disposal, their concern for the public, the desire to communicate, to reach the mind and heart of the audience.<\/p>\n<p>An essential book to understand and learn the wealth and creative dance diversity of our country from the story of the members of the Academy of Performing Arts of Spain.<\/p>\n<p>The edition of the book is directly connected to the Dance Dialogues activity that she develops from the dance specialty that Alicia Soto directs.<\/p>\n<p>For the realization of the book, a commission of academics was created, made up of Carmen Gim\u00e9nez Morte, Margarita Mu\u00f1oz, Jessica Mart\u00edn, Ricardo Gasset, Adolfo Sim\u00f3n and Alicia Soto to carry out the hard work of collecting texts and photos.<\/p>","protected":false},"excerpt":{"rendered":"<p>The Academy of Performing Arts of Spain will present the book PO\u00c9TICAS DE CREACI\u00d3N EN DANZA at the Abril en Danza Festival in Alicante on Wednesday, April 20 at 6 p.m. at the Casa Mediterr\u00e1neo (Pl. de l&#039;Arquitecto Miguel L\u00f3pez, s\/n. Alicante). Alicia Soto, as Delegate of the dance specialty at the [\u2026]<\/p>","protected":false},"author":1,"featured_media":225,"comment_status":"open","ping_status":"open","sticky":false,"template":"","format":"standard","meta":{"_acf_changed":false,"footnotes":""},"categories":[3,5],"tags":[],"class_list":["post-108","post","type-post","status-publish","format-standard","has-post-thumbnail","hentry","category-destacado","category-noticias"],"acf":[],"_links":{"self":[{"href":"https:\/\/hojarasca-danza.com\/en\/wp-json\/wp\/v2\/posts\/108","targetHints":{"allow":["GET"]}}],"collection":[{"href":"https:\/\/hojarasca-danza.com\/en\/wp-json\/wp\/v2\/posts"}],"about":[{"href":"https:\/\/hojarasca-danza.com\/en\/wp-json\/wp\/v2\/types\/post"}],"author":[{"embeddable":true,"href":"https:\/\/hojarasca-danza.com\/en\/wp-json\/wp\/v2\/users\/1"}],"replies":[{"embeddable":true,"href":"https:\/\/hojarasca-danza.com\/en\/wp-json\/wp\/v2\/comments?post=108"}],"version-history":[{"count":1,"href":"https:\/\/hojarasca-danza.com\/en\/wp-json\/wp\/v2\/posts\/108\/revisions"}],"predecessor-version":[{"id":1107,"href":"https:\/\/hojarasca-danza.com\/en\/wp-json\/wp\/v2\/posts\/108\/revisions\/1107"}],"wp:featuredmedia":[{"embeddable":true,"href":"https:\/\/hojarasca-danza.com\/en\/wp-json\/wp\/v2\/media\/225"}],"wp:attachment":[{"href":"https:\/\/hojarasca-danza.com\/en\/wp-json\/wp\/v2\/media?parent=108"}],"wp:term":[{"taxonomy":"category","embeddable":true,"href":"https:\/\/hojarasca-danza.com\/en\/wp-json\/wp\/v2\/categories?post=108"},{"taxonomy":"post_tag","embeddable":true,"href":"https:\/\/hojarasca-danza.com\/en\/wp-json\/wp\/v2\/tags?post=108"}],"curies":[{"name":"wp","href":"https:\/\/api.w.org\/{rel}","templated":true}]}}