{"id":124,"date":"2022-11-01T23:49:59","date_gmt":"2022-11-01T23:49:59","guid":{"rendered":"https:\/\/hojarasca-danza.com\/2023\/03\/29\/el-jardin-de-las-hesperides-estreno-en-la-comunidad-de-madrid-real-coliseo-carlos-iii-san-lorenzo-de-el-escorial-11-11\/"},"modified":"2023-06-06T17:43:33","modified_gmt":"2023-06-06T17:43:33","slug":"el-jardin-de-las-hesperides-estreno-en-la-comunidad-de-madrid-real-coliseo-carlos-iii-san-lorenzo-de-el-escorial-11-11","status":"publish","type":"post","link":"https:\/\/hojarasca-danza.com\/fr\/destacado\/el-jardin-de-las-hesperides-estreno-en-la-comunidad-de-madrid-real-coliseo-carlos-iii-san-lorenzo-de-el-escorial-11-11\/","title":{"rendered":"Le Jardin des Hesp\u00e9rides. Premi\u00e8re dans la Communaut\u00e9 de Madrid. Colis\u00e9e Royal Carlos III San Lorenzo de El Escorial. 11\/11"},"content":{"rendered":"<p><strong>Le Jardin des Hesp\u00e9rides<\/strong><\/p>\n<p>Colis\u00e9e Royal Carlos III San Lorenzo de El Escorial. 19h00.<\/p>\n<p>Billets: <a href=\"https:\/\/www.comunidad.madrid\/actividades\/2022\/jardin-hesperides\" target=\"_blank\" rel=\"noopener\">la toile<\/a> du th\u00e9\u00e2tre.<\/p>\n<p>&nbsp;<\/p>\n<p>Le 11 novembre au Real Coliseo Carlos III San Lorenzo de El Escorial, le spectacle sera pr\u00e9sent\u00e9 en premi\u00e8re dans la Communaut\u00e9 de Madrid <em><a href=\"https:\/\/hojarasca-danza.es\/espectaculos\/el-jardin-de-las-hesperides\/\" target=\"_blank\" rel=\"noopener\">Le Jardin des Hesp\u00e9rides<\/a><\/em>, un projet multiculturel cr\u00e9\u00e9 entre le Maroc et l&#039;Espagne bas\u00e9 sur l&#039;imaginaire f\u00e9minin lors d&#039;un aller-retour entre Casablanca et Valladolid.<\/p>\n<p>Ce nouveau projet de la compagnie Alicia Soto-Hojarasca a obtenu, en raison de sa qualit\u00e9 et de son th\u00e8me, le sceau du V Centenaire du 1er Tour du Monde par Magallanes. En outre, <a href=\"https:\/\/hojarasca-danza.es\/espectaculos\/el-jardin-de-las-hesperides\/\" target=\"_blank\" rel=\"noopener\"><em>Le Jardin des Hesp\u00e9rides<\/em><\/a> fait partie de la c\u00e9l\u00e9bration des 25 ans d&#039;histoire de l&#039;entreprise.<\/p>\n<p>La production a \u00e9t\u00e9 cr\u00e9\u00e9e le 25 septembre \u00e0 Valladolid au Teatro Calder\u00f3n, o\u00f9 une grande partie du projet de r\u00e9sidence artistique a \u00e9t\u00e9 d\u00e9velopp\u00e9e. Apr\u00e8s avoir \u00e9t\u00e9 programm\u00e9, avec un grand succ\u00e8s, dans diverses villes espagnoles, le 4 d\u00e9cembre, il a \u00e9t\u00e9 expos\u00e9 au Portugal dans le cadre de la Mostra Espanha, un festival biennal de la culture espagnole promu par le minist\u00e8re de la Culture et des Sports, au Centro Cultural e Congresos da Caldas da Rainha.<\/p>\n<p>La soci\u00e9t\u00e9 Alicia Soto-Hojarasca vient \u00e9galement de lancer <em>col\u00e8re sublime<\/em>, une \u0153uvre num\u00e9rique qui r\u00e9sulte de la rencontre entre la chor\u00e9graphe et danseuse espagnole Alicia Soto avec les artistes portugais J\u00falio Mart\u00edn da Fonseca, (metteur en sc\u00e8ne), Pedro Sena Nunes (metteur en sc\u00e8ne), et Dina Figueiredo (artiste plasticienne), avec le collaboration d&#039;Helena Reis (compositrice). La pi\u00e8ce fait partie du projet #CisNotAMusicBreak promu par l&#039;ambassade d&#039;Espagne \u00e0 Lisbonne.<\/p>\n<p>&nbsp;<\/p>\n<p><iframe title=\"promotion\" src=\"https:\/\/player.vimeo.com\/video\/468607618?dnt=1&amp;app_id=122963\" width=\"800\" height=\"450\" frameborder=\"0\" allow=\"autoplay; fullscreen; picture-in-picture\" allowfullscreen><\/iframe><\/p>","protected":false},"excerpt":{"rendered":"<p>Le Jardin des Hesp\u00e9rides Royal Coliseum Carlos III San Lorenzo de El Escorial. 19h00. Billetterie : site du th\u00e9\u00e2tre. Le 11 novembre au Real Coliseo Carlos III San Lorenzo de El Escorial, le spectacle El Jard\u00edn de las Hesp\u00e9rides sera pr\u00e9sent\u00e9 en premi\u00e8re dans la Communaut\u00e9 de Madrid, un projet multiculturel cr\u00e9\u00e9 entre le Maroc [\u2026]<\/p>","protected":false},"author":1,"featured_media":559,"comment_status":"open","ping_status":"open","sticky":false,"template":"","format":"standard","meta":{"_acf_changed":false,"footnotes":""},"categories":[3,4,5],"tags":[],"class_list":["post-124","post","type-post","status-publish","format-standard","has-post-thumbnail","hentry","category-destacado","category-gira","category-noticias"],"acf":[],"_links":{"self":[{"href":"https:\/\/hojarasca-danza.com\/fr\/wp-json\/wp\/v2\/posts\/124","targetHints":{"allow":["GET"]}}],"collection":[{"href":"https:\/\/hojarasca-danza.com\/fr\/wp-json\/wp\/v2\/posts"}],"about":[{"href":"https:\/\/hojarasca-danza.com\/fr\/wp-json\/wp\/v2\/types\/post"}],"author":[{"embeddable":true,"href":"https:\/\/hojarasca-danza.com\/fr\/wp-json\/wp\/v2\/users\/1"}],"replies":[{"embeddable":true,"href":"https:\/\/hojarasca-danza.com\/fr\/wp-json\/wp\/v2\/comments?post=124"}],"version-history":[{"count":2,"href":"https:\/\/hojarasca-danza.com\/fr\/wp-json\/wp\/v2\/posts\/124\/revisions"}],"predecessor-version":[{"id":6222,"href":"https:\/\/hojarasca-danza.com\/fr\/wp-json\/wp\/v2\/posts\/124\/revisions\/6222"}],"wp:featuredmedia":[{"embeddable":true,"href":"https:\/\/hojarasca-danza.com\/fr\/wp-json\/wp\/v2\/media\/559"}],"wp:attachment":[{"href":"https:\/\/hojarasca-danza.com\/fr\/wp-json\/wp\/v2\/media?parent=124"}],"wp:term":[{"taxonomy":"category","embeddable":true,"href":"https:\/\/hojarasca-danza.com\/fr\/wp-json\/wp\/v2\/categories?post=124"},{"taxonomy":"post_tag","embeddable":true,"href":"https:\/\/hojarasca-danza.com\/fr\/wp-json\/wp\/v2\/tags?post=124"}],"curies":[{"name":"wp","href":"https:\/\/api.w.org\/{rel}","templated":true}]}}