{"id":63,"date":"2019-04-04T23:49:56","date_gmt":"2019-04-04T23:49:56","guid":{"rendered":"https:\/\/hojarasca-danza.com\/2023\/03\/29\/emocion-y-cuerpo-desde-el-movimiento\/"},"modified":"2023-08-16T10:39:40","modified_gmt":"2023-08-16T10:39:40","slug":"emocion-y-cuerpo-desde-el-movimiento","status":"publish","type":"post","link":"https:\/\/hojarasca-danza.com\/fr\/ateliers\/emocion-y-cuerpo-desde-el-movimiento\/","title":{"rendered":"L&#039;\u00e9motion et le corps du mouvement."},"content":{"rendered":"<h1>L&#039;\u00e9motion et le corps du mouvement.<\/h1>\n<h2>Enseign\u00e9 par Alicia Soto.<\/h2>\n<p>Organis\u00e9 par l&#039;Instituto Cervantes \u00e0 Casablanca, Maroc.<\/p>\n<ul>\n<li>Du 4 mars au 15 avril 2019.<\/li>\n<li>Objectifs : Faire un voyage \u00e0 partir du corps, d\u00e9couvrir les \u00e9motions comme canal de communication. Utilisation de la voix, en tant que partie de notre corps, non seulement du sens cognitif, mais de la recherche d&#039;une autre forme d&#039;expression. Am\u00e9liorer l&#039;intelligence \u00e9motionnelle. Soyez conscient de l&#039;\u00e9nergie.<\/li>\n<li>Destin\u00e9 aux danseurs, B-boys, acteurs, musiciens, interpr\u00e8tes.<\/li>\n<\/ul>","protected":false},"excerpt":{"rendered":"<p>Enseign\u00e9 par Alicia Soto. | Du 4 mars au 15 avril 2019 |<br \/>\nInstitut Cervant\u00e8s, Casablanca, Maroc<\/p>","protected":false},"author":1,"featured_media":4712,"comment_status":"open","ping_status":"open","sticky":false,"template":"","format":"standard","meta":{"_acf_changed":false,"footnotes":""},"categories":[2,3],"tags":[],"class_list":["post-63","post","type-post","status-publish","format-standard","has-post-thumbnail","hentry","category-ateliers","category-destacado"],"acf":[],"_links":{"self":[{"href":"https:\/\/hojarasca-danza.com\/fr\/wp-json\/wp\/v2\/posts\/63","targetHints":{"allow":["GET"]}}],"collection":[{"href":"https:\/\/hojarasca-danza.com\/fr\/wp-json\/wp\/v2\/posts"}],"about":[{"href":"https:\/\/hojarasca-danza.com\/fr\/wp-json\/wp\/v2\/types\/post"}],"author":[{"embeddable":true,"href":"https:\/\/hojarasca-danza.com\/fr\/wp-json\/wp\/v2\/users\/1"}],"replies":[{"embeddable":true,"href":"https:\/\/hojarasca-danza.com\/fr\/wp-json\/wp\/v2\/comments?post=63"}],"version-history":[{"count":3,"href":"https:\/\/hojarasca-danza.com\/fr\/wp-json\/wp\/v2\/posts\/63\/revisions"}],"predecessor-version":[{"id":6571,"href":"https:\/\/hojarasca-danza.com\/fr\/wp-json\/wp\/v2\/posts\/63\/revisions\/6571"}],"wp:featuredmedia":[{"embeddable":true,"href":"https:\/\/hojarasca-danza.com\/fr\/wp-json\/wp\/v2\/media\/4712"}],"wp:attachment":[{"href":"https:\/\/hojarasca-danza.com\/fr\/wp-json\/wp\/v2\/media?parent=63"}],"wp:term":[{"taxonomy":"category","embeddable":true,"href":"https:\/\/hojarasca-danza.com\/fr\/wp-json\/wp\/v2\/categories?post=63"},{"taxonomy":"post_tag","embeddable":true,"href":"https:\/\/hojarasca-danza.com\/fr\/wp-json\/wp\/v2\/tags?post=63"}],"curies":[{"name":"wp","href":"https:\/\/api.w.org\/{rel}","templated":true}]}}