{"id":6961,"date":"2023-10-18T00:20:34","date_gmt":"2023-10-18T00:20:34","guid":{"rendered":"https:\/\/hojarasca-danza.com\/?p=6961"},"modified":"2023-10-23T10:54:03","modified_gmt":"2023-10-23T10:54:03","slug":"laboratorio-performances-y-tu-a-quien-traes-en-argentina","status":"publish","type":"post","link":"https:\/\/hojarasca-danza.com\/fr\/noticias\/laboratorio-performances-y-tu-a-quien-traes-en-argentina\/","title":{"rendered":"Novembre en Argentine avec &#039;et toi, qui am\u00e8nes-tu ?&#039;"},"content":{"rendered":"<h3>Apr\u00e8s avoir particip\u00e9 \u00e0 la IX \u00e9dition des Rencontres Chor\u00e9graphiques de Casablanca (Maroc) en octobre, Alicia Soto se rend en Argentine en novembre pour r\u00e9aliser le Laboratoire \u2013 Performance <em>Et vous, qui emmenez-vous ?\u00a0<\/em>au Festival International de Th\u00e9\u00e2tre Nevadas Esc\u00e9nicas de R\u00edo Negro qui se tiendra du 7 au 12 novembre \u00e0 Bariloche. De plus, dans le prolongement du festival Nevadas Itinerante, il visitera \u00e9galement les villes de Rosario et San Mart\u00edn de los Andes pour r\u00e9aliser la m\u00eame activit\u00e9.<\/h3>\n<p>&nbsp;<\/p>\n<p>Le festival <span style=\"color: #ff0000;\"><a style=\"color: #ff0000;\" href=\"https:\/\/www.nevadas.com.ar\/\" target=\"_blank\" rel=\"noopener\">Chutes de neige pittoresques<\/a><\/span> C&#039;est un \u00e9v\u00e9nement qui atteindra cette ann\u00e9e sa dixi\u00e8me \u00e9dition et s&#039;adresse \u00e0 des publics divers et agit\u00e9s. Son objectif est de promouvoir les arts du spectacle \u00e0 travers une programmation vari\u00e9e et inclusive, des espaces de formation et le partage de connaissances et d&#039;exp\u00e9riences diversifi\u00e9es des arts vivants. Il favorise la rencontre, l&#039;\u00e9change, la r\u00e9flexion, la recherche et la recherche artistique.<\/p>\n<p>Lors de la derni\u00e8re \u00e9dition, 4 000 personnes ont parcouru les 20 salles r\u00e9parties dans 9 localit\u00e9s de la province de R\u00edo Negro, o\u00f9 elles ont re\u00e7u 38 groupes de arts du spectacle et de musique de l&#039;Uruguay, du Chili, du Br\u00e9sil, du CABA, de C\u00f3rdoba, de Santa Fe, de Misiones, de Mendoza, R\u00edo Negro, Chubut, Terre de Feu, Antarctique et \u00eeles de l&#039;Atlantique Sud, Neuqu\u00e9n, Tucum\u00e1n et prov. Buenos Aires.<\/p>\n<p><iframe title=\"R\u00e9sum\u00e9 de ce qui s&#039;est pass\u00e9 lors des 9\u00e8mes chutes de neige panoramiques 2022\" width=\"800\" height=\"450\" src=\"https:\/\/www.youtube.com\/embed\/JBYPBHBZnTs?feature=oembed\" frameborder=\"0\" allow=\"accelerometer; autoplay; clipboard-write; encrypted-media; gyroscope; picture-in-picture; web-share\" allowfullscreen><\/iframe><\/p>\n<p>&nbsp;<\/p>\n<p><strong>Laboratoire \u2013 La performance et vous, qui emmenez-vous ?<\/strong><\/p>\n<p><em>et toi, qui am\u00e8nes-tu ?<\/em> Il s&#039;agit d&#039;un spectacle de cr\u00e9ation transdisciplinaire, de danse, de th\u00e9\u00e2tre et de musique. Une exp\u00e9rience o\u00f9 des anonymes, des passionn\u00e9s, des observateurs et des destinataires habituels d&#039;une expression artistique sont les interpr\u00e8tes de cette \u0153uvre. Le spectacle qui se d\u00e9roule a pour protagonistes les spectateurs qui occupent un si\u00e8ge, ce n&#039;est qu&#039;un changement physique de lieu.<\/p>\n<p>La proposition cherche \u00e0 d\u00e9couvrir ce que le public souhaite partager, quelles pr\u00e9occupations, r\u00e9flexions et pr\u00e9occupations il a dans le domaine social et souhaite aborder. Il est demand\u00e9 aux participants d&#039;\u00e9largir ce qu&#039;ils portent en eux et de le partager librement, sans jugement, jusqu&#039;\u00e0 ce que les mots ne suffisent plus et qu&#039;ils doivent les diluer dans leur corps, et jusqu&#039;\u00e0 ce que le mouvement ne suffise plus et qu&#039;il faille le condenser en un mot. Au-del\u00e0 de la performance, de la danse et du th\u00e9\u00e2tre, mais avec la libert\u00e9 de les convoquer, ce qui est recherch\u00e9 c&#039;est la construction d&#039;un lieu et d&#039;un moment o\u00f9 l&#039;on puisse respirer ce que l&#039;on est, ce que l&#039;on ressent, ce que l&#039;on pense, ce que l&#039;on imagine, ce que l&#039;on r\u00eave...<\/p>\n<p>&nbsp;<\/p>\n<p><img fetchpriority=\"high\" decoding=\"async\" class=\"alignnone wp-image-6962\" src=\"https:\/\/hojarasca-danza.com\/wp-content\/uploads\/2023\/10\/image00001-copia-2-e1697588255226.png\" alt=\"\" width=\"1400\" height=\"788\" \/><\/p>\n<p>&nbsp;<\/p>\n<p><strong>But:<\/strong><\/p>\n<p>Favoriser le collectif social d&#039;un th\u00e9\u00e2tre et la cr\u00e9ation d&#039;un nouveau public. Ainsi que l\u2019int\u00e9gration sociale, l\u2019\u00e9galit\u00e9 des sexes et la r\u00e9solution des probl\u00e8mes de durabilit\u00e9 \u00e9conomique et environnementale.<\/p>\n<p>&nbsp;<\/p>\n<p><strong>Paternit\u00e9:<\/strong> Julio Mart\u00edn da Fonseca et Alicia Soto. <strong>Chor\u00e9graphie:<\/strong> Alicia Soto. Destin\u00e9 \u00e0 un public jeune et adulte. A partir de 16 ans.<\/p>\n<p>&nbsp;<\/p>\n<p><strong>Calendrier des s\u00e9ances<\/strong><\/p>\n<p><strong>San Mart\u00edn de los Andes. Espace TRAMA. Dans le cadre du programme Chutes de Neige Itin\u00e9rantes.<\/strong><\/p>\n<p>3, 4 et 5 novembre. Pr\u00e9sentation au public le 5.<\/p>\n<p>&nbsp;<\/p>\n<p><strong>Bariloche. Espace DICAB. Dans le cadre du festival Nevadas Esc\u00e9nicas.<\/strong><\/p>\n<p>11 et 12 novembre. Pr\u00e9sentation au public le 12.<\/p>\n<p>&nbsp;<\/p>\n<p><strong>Chapelet. Teatro del Rayo (Avec la collaboration du Parque Espa\u00f1a et du collectif COBAI.). Dans le cadre du programme Chutes de Neige Itin\u00e9rantes.<\/strong><\/p>\n<p>15 et 16 novembre. Pr\u00e9sentation au public le 16.<\/p>\n<p>&nbsp;<\/p>\n<p><img decoding=\"async\" class=\"alignnone wp-image-6989\" src=\"https:\/\/hojarasca-danza.com\/wp-content\/uploads\/2023\/10\/logos-nevadas-montaje-ok-rayo-misterioso.png\" alt=\"\" width=\"1400\" height=\"129\" srcset=\"https:\/\/hojarasca-danza.com\/wp-content\/uploads\/2023\/10\/logos-nevadas-montaje-ok-rayo-misterioso.png 3066w, https:\/\/hojarasca-danza.com\/wp-content\/uploads\/2023\/10\/logos-nevadas-montaje-ok-rayo-misterioso-300x28.png 300w, https:\/\/hojarasca-danza.com\/wp-content\/uploads\/2023\/10\/logos-nevadas-montaje-ok-rayo-misterioso-1024x95.png 1024w, https:\/\/hojarasca-danza.com\/wp-content\/uploads\/2023\/10\/logos-nevadas-montaje-ok-rayo-misterioso-768x71.png 768w, https:\/\/hojarasca-danza.com\/wp-content\/uploads\/2023\/10\/logos-nevadas-montaje-ok-rayo-misterioso-1536x142.png 1536w, https:\/\/hojarasca-danza.com\/wp-content\/uploads\/2023\/10\/logos-nevadas-montaje-ok-rayo-misterioso-2048x189.png 2048w, https:\/\/hojarasca-danza.com\/wp-content\/uploads\/2023\/10\/logos-nevadas-montaje-ok-rayo-misterioso-18x2.png 18w\" sizes=\"(max-width: 1400px) 100vw, 1400px\" \/><\/p>","protected":false},"excerpt":{"rendered":"<p>Apr\u00e8s avoir particip\u00e9 \u00e0 la IX \u00e9dition des Rencontres Chor\u00e9graphiques de Casablanca (Maroc) en octobre, Alicia Soto se rend en Argentine en novembre pour r\u00e9aliser le Laboratoire \u2013 Performance et vous, qui emmenez-vous ? au Festival International de Th\u00e9\u00e2tre Nevadas Esc\u00e9nicas de R\u00edo Negro qui se tiendra du 7 au 12 novembre \u00e0 Bariloche. En outre, [\u2026]<\/p>","protected":false},"author":4,"featured_media":6963,"comment_status":"open","ping_status":"open","sticky":false,"template":"","format":"standard","meta":{"_acf_changed":false,"footnotes":""},"categories":[5],"tags":[],"class_list":["post-6961","post","type-post","status-publish","format-standard","has-post-thumbnail","hentry","category-noticias"],"acf":[],"_links":{"self":[{"href":"https:\/\/hojarasca-danza.com\/fr\/wp-json\/wp\/v2\/posts\/6961","targetHints":{"allow":["GET"]}}],"collection":[{"href":"https:\/\/hojarasca-danza.com\/fr\/wp-json\/wp\/v2\/posts"}],"about":[{"href":"https:\/\/hojarasca-danza.com\/fr\/wp-json\/wp\/v2\/types\/post"}],"author":[{"embeddable":true,"href":"https:\/\/hojarasca-danza.com\/fr\/wp-json\/wp\/v2\/users\/4"}],"replies":[{"embeddable":true,"href":"https:\/\/hojarasca-danza.com\/fr\/wp-json\/wp\/v2\/comments?post=6961"}],"version-history":[{"count":20,"href":"https:\/\/hojarasca-danza.com\/fr\/wp-json\/wp\/v2\/posts\/6961\/revisions"}],"predecessor-version":[{"id":6991,"href":"https:\/\/hojarasca-danza.com\/fr\/wp-json\/wp\/v2\/posts\/6961\/revisions\/6991"}],"wp:featuredmedia":[{"embeddable":true,"href":"https:\/\/hojarasca-danza.com\/fr\/wp-json\/wp\/v2\/media\/6963"}],"wp:attachment":[{"href":"https:\/\/hojarasca-danza.com\/fr\/wp-json\/wp\/v2\/media?parent=6961"}],"wp:term":[{"taxonomy":"category","embeddable":true,"href":"https:\/\/hojarasca-danza.com\/fr\/wp-json\/wp\/v2\/categories?post=6961"},{"taxonomy":"post_tag","embeddable":true,"href":"https:\/\/hojarasca-danza.com\/fr\/wp-json\/wp\/v2\/tags?post=6961"}],"curies":[{"name":"wp","href":"https:\/\/api.w.org\/{rel}","templated":true}]}}